{"id":108,"date":"2010-08-17T15:02:27","date_gmt":"2010-08-17T13:02:27","guid":{"rendered":"http:\/\/taylorwimpeyspain.com\/?p=108"},"modified":"2025-11-21T09:18:38","modified_gmt":"2025-11-21T09:18:38","slug":"las-encinas-de-los-arqueros","status":"publish","type":"post","link":"https:\/\/taylorwimpeyspain.com\/blog\/las-encinas-de-los-arqueros\/","title":{"rendered":"Las Encinas de los Arqueros"},"content":{"rendered":"<h3>LAS ENCINAS DE LOS ARQUEROS, BENHAVIS, MARBELLA, COSTA DEL SOL<\/h3>\n<p style=\"text-align: center;\"><img loading=\"lazy\" decoding=\"async\" class=\"aligncenter size-full wp-image-110\" title=\"Las Encinas de los Arqueros\" src=\"http:\/\/taylorwimpeyspain.com\/blog\/wp-content\/uploads\/2010\/08\/twe02686.jpg\" alt=\"Las Encinas de los Arqueros\" width=\"570\" height=\"379\" srcset=\"https:\/\/taylorwimpeyspain.com\/blog\/wp-content\/uploads\/2010\/08\/twe02686.jpg 800w, https:\/\/taylorwimpeyspain.com\/blog\/wp-content\/uploads\/2010\/08\/twe02686-300x199.jpg 300w, https:\/\/taylorwimpeyspain.com\/blog\/wp-content\/uploads\/2010\/08\/twe02686-450x300.jpg 450w\" sizes=\"auto, (max-width: 570px) 100vw, 570px\" \/><\/p>\n<p>Las Encinas de los Arqueros is strategically situated next to Benhavis and only a few minutes drive from Marbella, Puerto Ban\u00fas and San Pedro de Alc\u00e1ntara.<\/p>\n<p>Also, M\u00e1laga\u2019s International airport is less than an hour away on the A-7 motorway, offering connections to UK and most European and Spanish capitals.<\/p>\n<p>Benahavis has become the centre for golf on the Costa del Sol, with its privileged location between the beaches of Puerto Banus and Marbella, close to the stunning Sierra de Ronda Mountains.<\/p>\n<p style=\"text-align: center;\"><img loading=\"lazy\" decoding=\"async\" class=\"aligncenter  wp-image-111\" title=\"Las Encinas de los Arqueros 2\" src=\"http:\/\/taylorwimpeyspain.com\/blog\/wp-content\/uploads\/2010\/08\/twe02664.jpg\" alt=\"Las Encinas de los Arqueros 2\" width=\"570\" height=\"379\" srcset=\"https:\/\/taylorwimpeyspain.com\/blog\/wp-content\/uploads\/2010\/08\/twe02664.jpg 800w, https:\/\/taylorwimpeyspain.com\/blog\/wp-content\/uploads\/2010\/08\/twe02664-300x199.jpg 300w, https:\/\/taylorwimpeyspain.com\/blog\/wp-content\/uploads\/2010\/08\/twe02664-450x300.jpg 450w\" sizes=\"auto, (max-width: 570px) 100vw, 570px\" \/><\/p>\n<p>Over a period of ten years Taylor Wimpey has designed and developed the prestigious Los Arqueros Golf &amp; Country Club, which, amongst others in the area including La Zagaleta, Marbella Club, La Quinta, and Flamingos Golf make up the largest and finest selection of golf clubs on the Costa del Sol.<\/p>\n<p><strong><a href=\"http:\/\/taylorwimpeyspain.com\/blog\/wp-content\/uploads\/2010\/08\/hot-deal.jpg\"><img loading=\"lazy\" decoding=\"async\" class=\"alignleft size-thumbnail wp-image-119\" title=\"hot deal\" src=\"http:\/\/taylorwimpeyspain.com\/blog\/wp-content\/uploads\/2010\/08\/hot-deal.jpg?w=150\" alt=\"hot deal\" width=\"150\" height=\"72\" \/><\/a>Las Encinas de los Arqueros<\/strong> is situated only a few minutes from Marbella, Puerto Banus and San Pedro de Alcantara. Malaga airport, with connections to many European and Spanish cities, is less than an hour away on the A-7 motorway.<\/p>\n<p>The 30 unique apartments come with terraces and are distributed over five blocks, three storeys high and set out in the form of a Mediterranean town.<br \/>\nAll apartments are southeast facing with magnificent views over the golf course and sea.<\/p>\n<p style=\"text-align: center;\"><img loading=\"lazy\" decoding=\"async\" class=\"aligncenter size-full wp-image-112\" title=\"Las Encinas de los Arqueros 3\" src=\"http:\/\/taylorwimpeyspain.com\/blog\/wp-content\/uploads\/2010\/08\/twe02678.jpg\" alt=\"Las Encinas de los Arqueros 3\" width=\"570\" height=\"644\" srcset=\"https:\/\/taylorwimpeyspain.com\/blog\/wp-content\/uploads\/2010\/08\/twe02678.jpg 707w, https:\/\/taylorwimpeyspain.com\/blog\/wp-content\/uploads\/2010\/08\/twe02678-265x300.jpg 265w\" sizes=\"auto, (max-width: 570px) 100vw, 570px\" \/><\/p>\n<h3>BUYING A PROPERTY AT LAS ENCINAS DE LOS ARQUEROS<\/h3>\n<p><a href=\"http:\/\/taylorwimpeyspain.com\/blog\/wp-content\/uploads\/2010\/08\/encinas.jpg\"><img loading=\"lazy\" decoding=\"async\" class=\"alignleft  wp-image-115\" title=\"encinas\" src=\"http:\/\/taylorwimpeyspain.com\/blog\/wp-content\/uploads\/2010\/08\/encinas.jpg?w=150\" alt=\"price\" width=\"150\" height=\"75\" \/><\/a><strong>Las Encinas de los Arqueros<\/strong> is your opportunity to be part of an exclusive community in a privileged residential complex in Benahavis, Costa del Sol, Spain.<\/p>\n<p>Located near Marbella and close to the famous Ronda village and mountains, Benahavis is a perfect location.<\/p>\n<p>Las Encinas de los Arqueros offers excellent value for money and an opportunity to invest, especially with our new reduced prices.<\/p>\n<span class=\"embed-youtube\" style=\"text-align:center; display: block;\"><iframe loading=\"lazy\" class=\"youtube-player\" width=\"900\" height=\"507\" src=\"https:\/\/www.youtube.com\/embed\/Zw_xk0XEswU?version=3&#038;rel=1&#038;showsearch=0&#038;showinfo=1&#038;iv_load_policy=1&#038;fs=1&#038;hl=en-US&#038;autohide=2&#038;wmode=transparent\" allowfullscreen=\"true\" style=\"border:0;\" sandbox=\"allow-scripts allow-same-origin allow-popups allow-presentation allow-popups-to-escape-sandbox\"><\/iframe><\/span>\n<h3>APARTMENTS AND PENTHOUSES FOR SALE, READY TO MOVE IN<\/h3>\n<p>Our 2 and 3 bedroom apartments are south east oriented and have been built following the layout of a Mediterranean village. The development boasts magnificent terraces and stunning views over the sea and golf courses, it also has a large communal swimming pool, landscaped gardens and external private parking.<\/p>\n<p style=\"text-align: center;\"><img loading=\"lazy\" decoding=\"async\" class=\"aligncenter size-full wp-image-113\" title=\"APARTMENTS AND PENTHOUSES FOR SALE, READY TO MOVE IN\" src=\"http:\/\/taylorwimpeyspain.com\/blog\/wp-content\/uploads\/2010\/08\/twe02667.jpg\" alt=\"APARTMENTS AND PENTHOUSES FOR SALE, READY TO MOVE IN\" width=\"570\" height=\"409\" srcset=\"https:\/\/taylorwimpeyspain.com\/blog\/wp-content\/uploads\/2010\/08\/twe02667.jpg 800w, https:\/\/taylorwimpeyspain.com\/blog\/wp-content\/uploads\/2010\/08\/twe02667-300x215.jpg 300w, https:\/\/taylorwimpeyspain.com\/blog\/wp-content\/uploads\/2010\/08\/twe02667-417x300.jpg 417w\" sizes=\"auto, (max-width: 570px) 100vw, 570px\" \/><\/p>\n<p>The apartments are built to the highest standards with top-of-the-range finishes.<\/p>\n<h3>LOS ARQUEROS GOLF CLUB<\/h3>\n<p>Las Encinas de los Arqueros is very close to the well renowned Los Arqueros Golf Club, an 18 hole and a 9 hole golf course make Los Arqueros the preferred golf club in the area.<\/p>\n<p style=\"text-align: center;\"><img loading=\"lazy\" decoding=\"async\" class=\"aligncenter size-full wp-image-114\" title=\"LOS ARQUEROS GOLF CLUB 2\" src=\"http:\/\/taylorwimpeyspain.com\/blog\/wp-content\/uploads\/2010\/08\/15199027.jpg\" alt=\"LOS ARQUEROS GOLF CLUB 2\" width=\"570\" height=\"378\" srcset=\"https:\/\/taylorwimpeyspain.com\/blog\/wp-content\/uploads\/2010\/08\/15199027.jpg 1544w, https:\/\/taylorwimpeyspain.com\/blog\/wp-content\/uploads\/2010\/08\/15199027-300x198.jpg 300w, https:\/\/taylorwimpeyspain.com\/blog\/wp-content\/uploads\/2010\/08\/15199027-1024x679.jpg 1024w, https:\/\/taylorwimpeyspain.com\/blog\/wp-content\/uploads\/2010\/08\/15199027-452x300.jpg 452w\" sizes=\"auto, (max-width: 570px) 100vw, 570px\" \/><\/p>\n<p>The Costa del Sol in the south of Spain is one of the best locations to buy a property thanks to its excellent climate, breathtaking views and landscape and all the services and leisure facilities that are available. The Costa del Sol is one of the main holiday destinations for the British Market as it is an ideal location to invest in a holiday home or even a permanent home to get away from the cold and the rain and to make your dreams come true.<\/p>\n<h3>Activate your discount voucher now or call us free on 0800 012 10 20<\/h3>\n<p style=\"text-align: center;\"><img loading=\"lazy\" decoding=\"async\" class=\"aligncenter size-full wp-image-127\" title=\"voucher\" src=\"http:\/\/taylorwimpeyspain.com\/blog\/wp-content\/uploads\/2010\/08\/voucher.jpg\" alt=\"voucher\" width=\"570\" height=\"301\" srcset=\"https:\/\/taylorwimpeyspain.com\/blog\/wp-content\/uploads\/2010\/08\/voucher.jpg 721w, https:\/\/taylorwimpeyspain.com\/blog\/wp-content\/uploads\/2010\/08\/voucher-300x158.jpg 300w, https:\/\/taylorwimpeyspain.com\/blog\/wp-content\/uploads\/2010\/08\/voucher-500x264.jpg 500w\" sizes=\"auto, (max-width: 570px) 100vw, 570px\" \/><\/p>\n<!-- AddThis Advanced Settings generic via filter on the_content --><!-- AddThis Share Buttons generic via filter on the_content -->","protected":false},"excerpt":{"rendered":"<p>LAS ENCINAS DE LOS ARQUEROS, BENHAVIS, MARBELLA, COSTA DEL SOL Las Encinas de los Arqueros is strategically situated next to Benhavis and only a few minutes drive from Marbella, Puerto Ban\u00fas and San Pedro de Alc\u00e1ntara. Also, M\u00e1laga\u2019s International airport is less than an hour away on the A-7 motorway, offering connections to UK and [&hellip;]<!-- AddThis Advanced Settings generic via filter on get_the_excerpt --><!-- AddThis Share Buttons generic via filter on get_the_excerpt --><\/p>\n","protected":false},"author":2,"featured_media":0,"comment_status":"open","ping_status":"open","sticky":false,"template":"","format":"standard","meta":{"jetpack_post_was_ever_published":false,"_jetpack_newsletter_access":"","_jetpack_dont_email_post_to_subs":false,"_jetpack_newsletter_tier_id":0,"_jetpack_memberships_contains_paywalled_content":false,"_jetpack_memberships_contains_paid_content":false,"footnotes":"","jetpack_publicize_message":"","jetpack_publicize_feature_enabled":true,"jetpack_social_post_already_shared":false,"jetpack_social_options":{"image_generator_settings":{"template":"highway","default_image_id":0,"font":"","enabled":false},"version":2}},"categories":[8,14,4],"tags":[1377,325,336,499,577],"class_list":["post-108","post","type-post","status-publish","format-standard","hentry","category-costa-del-sol","category-marbella","category-spain","tag-costa-del-sol","tag-las-encinas-de-los-arqueros","tag-los-arqueros-golf-club","tag-retiring-to-spain","tag-taylor-wimpey-espana"],"yoast_head":"<!-- This site is optimized with the Yoast SEO plugin v27.2 - https:\/\/yoast.com\/product\/yoast-seo-wordpress\/ -->\n<title>Las Encinas de los Arqueros -<\/title>\n<meta name=\"robots\" content=\"index, follow, max-snippet:-1, max-image-preview:large, max-video-preview:-1\" \/>\n<link rel=\"canonical\" href=\"https:\/\/taylorwimpeyspain.com\/blog\/las-encinas-de-los-arqueros\/\" \/>\n<meta name=\"twitter:label1\" content=\"Written by\" \/>\n\t<meta name=\"twitter:data1\" content=\"taylorwimpeyespana\" \/>\n\t<meta name=\"twitter:label2\" content=\"Est. reading time\" \/>\n\t<meta name=\"twitter:data2\" content=\"4 minutes\" \/>\n<script type=\"application\/ld+json\" class=\"yoast-schema-graph\">{\"@context\":\"https:\/\/schema.org\",\"@graph\":[{\"@type\":\"Article\",\"@id\":\"https:\/\/taylorwimpeyspain.com\/blog\/las-encinas-de-los-arqueros\/#article\",\"isPartOf\":{\"@id\":\"https:\/\/taylorwimpeyspain.com\/blog\/las-encinas-de-los-arqueros\/\"},\"author\":{\"name\":\"taylorwimpeyespana\",\"@id\":\"https:\/\/taylorwimpeyspain.com\/blog\/#\/schema\/person\/d4a2f737d47bc77a017e797f933e4a0b\"},\"headline\":\"Las Encinas de los Arqueros\",\"datePublished\":\"2010-08-17T13:02:27+00:00\",\"dateModified\":\"2025-11-21T09:18:38+00:00\",\"mainEntityOfPage\":{\"@id\":\"https:\/\/taylorwimpeyspain.com\/blog\/las-encinas-de-los-arqueros\/\"},\"wordCount\":518,\"commentCount\":0,\"publisher\":{\"@id\":\"https:\/\/taylorwimpeyspain.com\/blog\/#organization\"},\"image\":{\"@id\":\"https:\/\/taylorwimpeyspain.com\/blog\/las-encinas-de-los-arqueros\/#primaryimage\"},\"thumbnailUrl\":\"http:\/\/taylorwimpeyspain.com\/blog\/wp-content\/uploads\/2010\/08\/twe02686.jpg\",\"keywords\":[\"Costa del Sol\",\"Las Encinas de los Arqueros\",\"Los Arqueros Golf Club\",\"Retiring to Spain\",\"Taylor Wimpey Espana\"],\"articleSection\":[\"Costa del Sol\",\"Marbella\",\"Spain\"],\"inLanguage\":\"en-US\"},{\"@type\":\"WebPage\",\"@id\":\"https:\/\/taylorwimpeyspain.com\/blog\/las-encinas-de-los-arqueros\/\",\"url\":\"https:\/\/taylorwimpeyspain.com\/blog\/las-encinas-de-los-arqueros\/\",\"name\":\"Las Encinas de los Arqueros -\",\"isPartOf\":{\"@id\":\"https:\/\/taylorwimpeyspain.com\/blog\/#website\"},\"primaryImageOfPage\":{\"@id\":\"https:\/\/taylorwimpeyspain.com\/blog\/las-encinas-de-los-arqueros\/#primaryimage\"},\"image\":{\"@id\":\"https:\/\/taylorwimpeyspain.com\/blog\/las-encinas-de-los-arqueros\/#primaryimage\"},\"thumbnailUrl\":\"http:\/\/taylorwimpeyspain.com\/blog\/wp-content\/uploads\/2010\/08\/twe02686.jpg\",\"datePublished\":\"2010-08-17T13:02:27+00:00\",\"dateModified\":\"2025-11-21T09:18:38+00:00\",\"breadcrumb\":{\"@id\":\"https:\/\/taylorwimpeyspain.com\/blog\/las-encinas-de-los-arqueros\/#breadcrumb\"},\"inLanguage\":\"en-US\",\"potentialAction\":[{\"@type\":\"ReadAction\",\"target\":[\"https:\/\/taylorwimpeyspain.com\/blog\/las-encinas-de-los-arqueros\/\"]}]},{\"@type\":\"ImageObject\",\"inLanguage\":\"en-US\",\"@id\":\"https:\/\/taylorwimpeyspain.com\/blog\/las-encinas-de-los-arqueros\/#primaryimage\",\"url\":\"http:\/\/taylorwimpeyspain.com\/blog\/wp-content\/uploads\/2010\/08\/twe02686.jpg\",\"contentUrl\":\"http:\/\/taylorwimpeyspain.com\/blog\/wp-content\/uploads\/2010\/08\/twe02686.jpg\"},{\"@type\":\"BreadcrumbList\",\"@id\":\"https:\/\/taylorwimpeyspain.com\/blog\/las-encinas-de-los-arqueros\/#breadcrumb\",\"itemListElement\":[{\"@type\":\"ListItem\",\"position\":1,\"name\":\"Home\",\"item\":\"https:\/\/taylorwimpeyspain.com\/blog\/\"},{\"@type\":\"ListItem\",\"position\":2,\"name\":\"Las Encinas de los Arqueros\"}]},{\"@type\":\"WebSite\",\"@id\":\"https:\/\/taylorwimpeyspain.com\/blog\/#website\",\"url\":\"https:\/\/taylorwimpeyspain.com\/blog\/\",\"name\":\"Taylor Wimpey de Espa\u00f1a\",\"description\":\"Building new homes on Mallorca, the Costa Blanca and the Costa del Sol since 1958.\",\"publisher\":{\"@id\":\"https:\/\/taylorwimpeyspain.com\/blog\/#organization\"},\"potentialAction\":[{\"@type\":\"SearchAction\",\"target\":{\"@type\":\"EntryPoint\",\"urlTemplate\":\"https:\/\/taylorwimpeyspain.com\/blog\/?s={search_term_string}\"},\"query-input\":{\"@type\":\"PropertyValueSpecification\",\"valueRequired\":true,\"valueName\":\"search_term_string\"}}],\"inLanguage\":\"en-US\"},{\"@type\":\"Organization\",\"@id\":\"https:\/\/taylorwimpeyspain.com\/blog\/#organization\",\"name\":\"Taylor Wimpey de Espa\u00f1a\",\"url\":\"https:\/\/taylorwimpeyspain.com\/blog\/\",\"logo\":{\"@type\":\"ImageObject\",\"inLanguage\":\"en-US\",\"@id\":\"https:\/\/taylorwimpeyspain.com\/blog\/#\/schema\/logo\/image\/\",\"url\":\"https:\/\/taylorwimpeyspain.com\/blog\/wp-content\/uploads\/2018\/06\/logo-taylor-wimpey-espa\u00f1a.png\",\"contentUrl\":\"https:\/\/taylorwimpeyspain.com\/blog\/wp-content\/uploads\/2018\/06\/logo-taylor-wimpey-espa\u00f1a.png\",\"width\":139,\"height\":92,\"caption\":\"Taylor Wimpey de Espa\u00f1a\"},\"image\":{\"@id\":\"https:\/\/taylorwimpeyspain.com\/blog\/#\/schema\/logo\/image\/\"}},{\"@type\":\"Person\",\"@id\":\"https:\/\/taylorwimpeyspain.com\/blog\/#\/schema\/person\/d4a2f737d47bc77a017e797f933e4a0b\",\"name\":\"taylorwimpeyespana\",\"image\":{\"@type\":\"ImageObject\",\"inLanguage\":\"en-US\",\"@id\":\"https:\/\/secure.gravatar.com\/avatar\/63b02a35ebd48558152bb85bee2d34154987285b82e0b6a9897a3cd823dd15e7?s=96&d=mm&r=g\",\"url\":\"https:\/\/secure.gravatar.com\/avatar\/63b02a35ebd48558152bb85bee2d34154987285b82e0b6a9897a3cd823dd15e7?s=96&d=mm&r=g\",\"contentUrl\":\"https:\/\/secure.gravatar.com\/avatar\/63b02a35ebd48558152bb85bee2d34154987285b82e0b6a9897a3cd823dd15e7?s=96&d=mm&r=g\",\"caption\":\"taylorwimpeyespana\"},\"url\":\"https:\/\/taylorwimpeyspain.com\/blog\/author\/taylorwimpeyespana\/\"}]}<\/script>\n<!-- \/ Yoast SEO plugin. -->","yoast_head_json":{"title":"Las Encinas de los Arqueros -","robots":{"index":"index","follow":"follow","max-snippet":"max-snippet:-1","max-image-preview":"max-image-preview:large","max-video-preview":"max-video-preview:-1"},"canonical":"https:\/\/taylorwimpeyspain.com\/blog\/las-encinas-de-los-arqueros\/","twitter_misc":{"Written by":"taylorwimpeyespana","Est. reading time":"4 minutes"},"schema":{"@context":"https:\/\/schema.org","@graph":[{"@type":"Article","@id":"https:\/\/taylorwimpeyspain.com\/blog\/las-encinas-de-los-arqueros\/#article","isPartOf":{"@id":"https:\/\/taylorwimpeyspain.com\/blog\/las-encinas-de-los-arqueros\/"},"author":{"name":"taylorwimpeyespana","@id":"https:\/\/taylorwimpeyspain.com\/blog\/#\/schema\/person\/d4a2f737d47bc77a017e797f933e4a0b"},"headline":"Las Encinas de los Arqueros","datePublished":"2010-08-17T13:02:27+00:00","dateModified":"2025-11-21T09:18:38+00:00","mainEntityOfPage":{"@id":"https:\/\/taylorwimpeyspain.com\/blog\/las-encinas-de-los-arqueros\/"},"wordCount":518,"commentCount":0,"publisher":{"@id":"https:\/\/taylorwimpeyspain.com\/blog\/#organization"},"image":{"@id":"https:\/\/taylorwimpeyspain.com\/blog\/las-encinas-de-los-arqueros\/#primaryimage"},"thumbnailUrl":"http:\/\/taylorwimpeyspain.com\/blog\/wp-content\/uploads\/2010\/08\/twe02686.jpg","keywords":["Costa del Sol","Las Encinas de los Arqueros","Los Arqueros Golf Club","Retiring to Spain","Taylor Wimpey Espana"],"articleSection":["Costa del Sol","Marbella","Spain"],"inLanguage":"en-US"},{"@type":"WebPage","@id":"https:\/\/taylorwimpeyspain.com\/blog\/las-encinas-de-los-arqueros\/","url":"https:\/\/taylorwimpeyspain.com\/blog\/las-encinas-de-los-arqueros\/","name":"Las Encinas de los Arqueros -","isPartOf":{"@id":"https:\/\/taylorwimpeyspain.com\/blog\/#website"},"primaryImageOfPage":{"@id":"https:\/\/taylorwimpeyspain.com\/blog\/las-encinas-de-los-arqueros\/#primaryimage"},"image":{"@id":"https:\/\/taylorwimpeyspain.com\/blog\/las-encinas-de-los-arqueros\/#primaryimage"},"thumbnailUrl":"http:\/\/taylorwimpeyspain.com\/blog\/wp-content\/uploads\/2010\/08\/twe02686.jpg","datePublished":"2010-08-17T13:02:27+00:00","dateModified":"2025-11-21T09:18:38+00:00","breadcrumb":{"@id":"https:\/\/taylorwimpeyspain.com\/blog\/las-encinas-de-los-arqueros\/#breadcrumb"},"inLanguage":"en-US","potentialAction":[{"@type":"ReadAction","target":["https:\/\/taylorwimpeyspain.com\/blog\/las-encinas-de-los-arqueros\/"]}]},{"@type":"ImageObject","inLanguage":"en-US","@id":"https:\/\/taylorwimpeyspain.com\/blog\/las-encinas-de-los-arqueros\/#primaryimage","url":"http:\/\/taylorwimpeyspain.com\/blog\/wp-content\/uploads\/2010\/08\/twe02686.jpg","contentUrl":"http:\/\/taylorwimpeyspain.com\/blog\/wp-content\/uploads\/2010\/08\/twe02686.jpg"},{"@type":"BreadcrumbList","@id":"https:\/\/taylorwimpeyspain.com\/blog\/las-encinas-de-los-arqueros\/#breadcrumb","itemListElement":[{"@type":"ListItem","position":1,"name":"Home","item":"https:\/\/taylorwimpeyspain.com\/blog\/"},{"@type":"ListItem","position":2,"name":"Las Encinas de los Arqueros"}]},{"@type":"WebSite","@id":"https:\/\/taylorwimpeyspain.com\/blog\/#website","url":"https:\/\/taylorwimpeyspain.com\/blog\/","name":"Taylor Wimpey de Espa\u00f1a","description":"Building new homes on Mallorca, the Costa Blanca and the Costa del Sol since 1958.","publisher":{"@id":"https:\/\/taylorwimpeyspain.com\/blog\/#organization"},"potentialAction":[{"@type":"SearchAction","target":{"@type":"EntryPoint","urlTemplate":"https:\/\/taylorwimpeyspain.com\/blog\/?s={search_term_string}"},"query-input":{"@type":"PropertyValueSpecification","valueRequired":true,"valueName":"search_term_string"}}],"inLanguage":"en-US"},{"@type":"Organization","@id":"https:\/\/taylorwimpeyspain.com\/blog\/#organization","name":"Taylor Wimpey de Espa\u00f1a","url":"https:\/\/taylorwimpeyspain.com\/blog\/","logo":{"@type":"ImageObject","inLanguage":"en-US","@id":"https:\/\/taylorwimpeyspain.com\/blog\/#\/schema\/logo\/image\/","url":"https:\/\/taylorwimpeyspain.com\/blog\/wp-content\/uploads\/2018\/06\/logo-taylor-wimpey-espa\u00f1a.png","contentUrl":"https:\/\/taylorwimpeyspain.com\/blog\/wp-content\/uploads\/2018\/06\/logo-taylor-wimpey-espa\u00f1a.png","width":139,"height":92,"caption":"Taylor Wimpey de Espa\u00f1a"},"image":{"@id":"https:\/\/taylorwimpeyspain.com\/blog\/#\/schema\/logo\/image\/"}},{"@type":"Person","@id":"https:\/\/taylorwimpeyspain.com\/blog\/#\/schema\/person\/d4a2f737d47bc77a017e797f933e4a0b","name":"taylorwimpeyespana","image":{"@type":"ImageObject","inLanguage":"en-US","@id":"https:\/\/secure.gravatar.com\/avatar\/63b02a35ebd48558152bb85bee2d34154987285b82e0b6a9897a3cd823dd15e7?s=96&d=mm&r=g","url":"https:\/\/secure.gravatar.com\/avatar\/63b02a35ebd48558152bb85bee2d34154987285b82e0b6a9897a3cd823dd15e7?s=96&d=mm&r=g","contentUrl":"https:\/\/secure.gravatar.com\/avatar\/63b02a35ebd48558152bb85bee2d34154987285b82e0b6a9897a3cd823dd15e7?s=96&d=mm&r=g","caption":"taylorwimpeyespana"},"url":"https:\/\/taylorwimpeyspain.com\/blog\/author\/taylorwimpeyespana\/"}]}},"jetpack_publicize_connections":[],"jetpack_featured_media_url":"","jetpack_sharing_enabled":true,"jetpack_shortlink":"https:\/\/wp.me\/p2hOmn-1K","_links":{"self":[{"href":"https:\/\/taylorwimpeyspain.com\/blog\/wp-json\/wp\/v2\/posts\/108","targetHints":{"allow":["GET"]}}],"collection":[{"href":"https:\/\/taylorwimpeyspain.com\/blog\/wp-json\/wp\/v2\/posts"}],"about":[{"href":"https:\/\/taylorwimpeyspain.com\/blog\/wp-json\/wp\/v2\/types\/post"}],"author":[{"embeddable":true,"href":"https:\/\/taylorwimpeyspain.com\/blog\/wp-json\/wp\/v2\/users\/2"}],"replies":[{"embeddable":true,"href":"https:\/\/taylorwimpeyspain.com\/blog\/wp-json\/wp\/v2\/comments?post=108"}],"version-history":[{"count":4,"href":"https:\/\/taylorwimpeyspain.com\/blog\/wp-json\/wp\/v2\/posts\/108\/revisions"}],"predecessor-version":[{"id":10913,"href":"https:\/\/taylorwimpeyspain.com\/blog\/wp-json\/wp\/v2\/posts\/108\/revisions\/10913"}],"wp:attachment":[{"href":"https:\/\/taylorwimpeyspain.com\/blog\/wp-json\/wp\/v2\/media?parent=108"}],"wp:term":[{"taxonomy":"category","embeddable":true,"href":"https:\/\/taylorwimpeyspain.com\/blog\/wp-json\/wp\/v2\/categories?post=108"},{"taxonomy":"post_tag","embeddable":true,"href":"https:\/\/taylorwimpeyspain.com\/blog\/wp-json\/wp\/v2\/tags?post=108"}],"curies":[{"name":"wp","href":"https:\/\/api.w.org\/{rel}","templated":true}]}}