{"id":10611,"date":"2024-09-20T13:02:17","date_gmt":"2024-09-20T13:02:17","guid":{"rendered":"https:\/\/taylorwimpeyspain.com\/blog\/?p=10611"},"modified":"2024-09-20T13:02:19","modified_gmt":"2024-09-20T13:02:19","slug":"juan-diego-menendez-named-new-director-general-of-taylor-wimpey-espana","status":"publish","type":"post","link":"https:\/\/taylorwimpeyspain.com\/blog\/juan-diego-menendez-named-new-director-general-of-taylor-wimpey-espana\/","title":{"rendered":"Juan Diego Men\u00e9ndez named new Director General of Taylor Wimpey Espa\u00f1a"},"content":{"rendered":"\n<figure class=\"wp-block-table\"><table class=\"has-fixed-layout\"><tbody><tr><td><\/td><\/tr><\/tbody><\/table><\/figure>\n\n\n\n<figure class=\"wp-block-table\"><table class=\"has-fixed-layout\"><tbody><tr><td><a href=\"https:\/\/yswrkqcab.cc.rs6.net\/tn.jsp?f=001OQR2GUAcLl8noluovto88ZVFaOYM6bN1d8uWQPgO6WWIqtItRWVzIH5T1cwiPpjm0jWpW36hYYEKu9qlWOLiuj1niqrH9C-QHu1z-bNE3UlPJ1wVdYIY2dy0Bhw-kNiLap__GDHAb_N6JOcBRsee5muV4Z7Mo2cE&amp;c=wJWuttAGCjvbTdhi1UpQFKGO-afXZKqnGdBLI6JoBsXED2N8xds1yg==&amp;ch=J7n5MVsS1oK6H0nOiGkzvrShrb5wwz5LLcaO4e5Q_-F-3dWXTggKTA==\" target=\"_blank\" rel=\"noreferrer noopener\"><\/a><\/td><\/tr><\/tbody><\/table><\/figure>\n\n\n\n<figure class=\"wp-block-image size-full\"><a href=\"https:\/\/taylorwimpeyspain.com\/blog\/wp-content\/uploads\/2024\/09\/1-1.jpg\"><img loading=\"lazy\" decoding=\"async\" width=\"668\" height=\"521\" src=\"https:\/\/taylorwimpeyspain.com\/blog\/wp-content\/uploads\/2024\/09\/1-1.jpg\" alt=\"\" class=\"wp-image-10612\" srcset=\"https:\/\/taylorwimpeyspain.com\/blog\/wp-content\/uploads\/2024\/09\/1-1.jpg 668w, https:\/\/taylorwimpeyspain.com\/blog\/wp-content\/uploads\/2024\/09\/1-1-300x234.jpg 300w\" sizes=\"auto, (max-width: 668px) 100vw, 668px\" \/><\/a><\/figure>\n\n\n\n<figure class=\"wp-block-table\"><table class=\"has-fixed-layout\"><tbody><tr><td><br><a href=\"https:\/\/yswrkqcab.cc.rs6.net\/tn.jsp?f=001OQR2GUAcLl8noluovto88ZVFaOYM6bN1d8uWQPgO6WWIqtItRWVzIH5T1cwiPpjm0jWpW36hYYEKu9qlWOLiuj1niqrH9C-QHu1z-bNE3UlPJ1wVdYIY2dy0Bhw-kNiLap__GDHAb_N6JOcBRsee5muV4Z7Mo2cE&amp;c=wJWuttAGCjvbTdhi1UpQFKGO-afXZKqnGdBLI6JoBsXED2N8xds1yg==&amp;ch=J7n5MVsS1oK6H0nOiGkzvrShrb5wwz5LLcaO4e5Q_-F-3dWXTggKTA==\" target=\"_blank\" rel=\"noreferrer noopener\">Taylor Wimpey Espa\u00f1a<\/a>, the leading Spanish homebuilder with more than 65 years\u2019 experience of the construction of homes in Spain, has announced the appointment, with effect from 1st July 2024, of Juan Diego Men\u00e9ndez as its new Director General. Men\u00e9ndez succeeds Javier Ballester, who is retiring after an outstanding career of more than 43 years in the company, including over 30 as Director General, during which time he architected the consolidation and strengthening of the business in key areas such as the Balearic Islands, the Costa Blanca and the Costa del Sol.<br><br>Juan Diego Men\u00e9ndez brings extensive experience and knowledge of the sector and of Taylor Wimpey Spain, a company he joined in 2001 as Financial Director. Since 2020 he has been the Regional Director of the Balearic Islands, leading the growth and consolidation of the company in one of its key areas.<br><br>Men\u00e9ndez\u2019s extensive experience in financial management, deep knowledge of the real estate sector and commitment to the company\u2019s values\u200b\u200bposition him as the ideal leader to continue his predecessor\u2019s legacy of success and face the future challenges of the sector.<br><\/td><\/tr><\/tbody><\/table><\/figure>\n\n\n\n<figure class=\"wp-block-table\"><table class=\"has-fixed-layout\"><tbody><tr><td><a href=\"https:\/\/yswrkqcab.cc.rs6.net\/tn.jsp?f=001OQR2GUAcLl8noluovto88ZVFaOYM6bN1d8uWQPgO6WWIqtItRWVzIH5T1cwiPpjm0jWpW36hYYEKu9qlWOLiuj1niqrH9C-QHu1z-bNE3UlPJ1wVdYIY2dy0Bhw-kNiLap__GDHAb_N6JOcBRsee5muV4Z7Mo2cE&amp;c=wJWuttAGCjvbTdhi1UpQFKGO-afXZKqnGdBLI6JoBsXED2N8xds1yg==&amp;ch=J7n5MVsS1oK6H0nOiGkzvrShrb5wwz5LLcaO4e5Q_-F-3dWXTggKTA==\" target=\"_blank\" rel=\"noreferrer noopener\"><\/a><br>The new General Manager has expressed his enthusiasm and commitment to leading the future of Taylor Wimpey Espa\u00f1a and has highlighted Ballester\u2019s work as an inspiration.<br><br>\u201cTaking on this position is an honour and a challenge. I am committed to continuing to drive innovation and offer high-quality sustainable homes, maintaining our commitment to customer satisfaction and after-sales service, as well as the wellbeing of our employees and the environments in which we work. To achieve this, we have a great team of professionals who make a difference in the sector,\u201d commented Juan Diego Men\u00e9ndez.<br><br>Taylor Wimpey Espa\u00f1a currently has more than 20 projects on the market with around 1,000 homes focused on the Mediterranean coast: Mallorca, Costa Blanca and Costa del Sol. The company is recognised for its focus on customer satisfaction and its after-sales service, offering solutions to buyers of various nationalities.<br><br><strong>For more information, please contact Taylor Wimpey Espa\u00f1a on 08000 121 020 or visit\u00a0<\/strong><a href=\"https:\/\/yswrkqcab.cc.rs6.net\/tn.jsp?f=001OQR2GUAcLl8noluovto88ZVFaOYM6bN1d8uWQPgO6WWIqtItRWVzIMlXYaQSvIKV10n25gsoGxnoUAEYFoSDCzc0CKR1t2ZOuwt4C3Z8Zf_LkG8IrdFnAFA6AO3T_rbnTMubyAaz5xIStTJgrEuMdQtyP-GA7VZJLJv-WxO-POA=&amp;c=wJWuttAGCjvbTdhi1UpQFKGO-afXZKqnGdBLI6JoBsXED2N8xds1yg==&amp;ch=J7n5MVsS1oK6H0nOiGkzvrShrb5wwz5LLcaO4e5Q_-F-3dWXTggKTA==\" target=\"_blank\" rel=\"noreferrer noopener\">https:\/\/www.taylorwimpeyspain.com\/<\/a><strong>. <\/strong><br><strong>If you reside outside of the UK, you will need to call 00 34 971 706 972.<\/strong><\/td><\/tr><\/tbody><\/table><\/figure>\n<!-- AddThis Advanced Settings generic via filter on the_content --><!-- AddThis Share Buttons generic via filter on the_content -->","protected":false},"excerpt":{"rendered":"<p>Taylor Wimpey Espa\u00f1a, the leading Spanish homebuilder with more than 65 years\u2019 experience of the construction of homes in Spain, has announced the appointment, with effect from 1st July 2024, of Juan Diego Men\u00e9ndez as its new Director General. Men\u00e9ndez succeeds Javier Ballester, who is retiring after an outstanding career of more than 43 years [&hellip;]<!-- AddThis Advanced Settings generic via filter on get_the_excerpt --><!-- AddThis Share Buttons generic via filter on get_the_excerpt --><\/p>\n","protected":false},"author":2,"featured_media":10612,"comment_status":"closed","ping_status":"closed","sticky":false,"template":"","format":"standard","meta":{"jetpack_post_was_ever_published":false,"_jetpack_newsletter_access":"","_jetpack_dont_email_post_to_subs":false,"_jetpack_newsletter_tier_id":0,"_jetpack_memberships_contains_paywalled_content":false,"_jetpack_memberships_contains_paid_content":false,"footnotes":"","jetpack_publicize_message":"","jetpack_publicize_feature_enabled":true,"jetpack_social_post_already_shared":true,"jetpack_social_options":{"image_generator_settings":{"template":"highway","default_image_id":0,"font":"","enabled":false},"version":2}},"categories":[7,8,12,4,5],"tags":[1386,797,1263,1377,1381,499,543,577],"class_list":["post-10611","post","type-post","status-publish","format-standard","has-post-thumbnail","hentry","category-costa-blanca","category-costa-del-sol","category-mallorca","category-spain","category-taylor-wimpey-de-espana","tag-alicante","tag-buying-in-spain","tag-buying-property-in-spain","tag-costa-del-sol","tag-mallorca","tag-retiring-to-spain","tag-spain-property","tag-taylor-wimpey-espana"],"yoast_head":"<!-- This site is optimized with the Yoast SEO plugin v27.2 - https:\/\/yoast.com\/product\/yoast-seo-wordpress\/ -->\n<title>Juan Diego Men\u00e9ndez named new DG of Taylor Wimpey Espa\u00f1a<\/title>\n<meta name=\"description\" content=\"Taylor Wimpey Espa\u00f1a has announced the appointment, with effect from 1st July 2024, of Juan Diego Men\u00e9ndez as its new Director General.\" \/>\n<meta name=\"robots\" content=\"index, follow, max-snippet:-1, max-image-preview:large, max-video-preview:-1\" \/>\n<link rel=\"canonical\" href=\"https:\/\/taylorwimpeyspain.com\/blog\/juan-diego-menendez-named-new-director-general-of-taylor-wimpey-espana\/\" \/>\n<meta name=\"twitter:label1\" content=\"Written by\" \/>\n\t<meta name=\"twitter:data1\" content=\"taylorwimpeyespana\" \/>\n\t<meta name=\"twitter:label2\" content=\"Est. reading time\" \/>\n\t<meta name=\"twitter:data2\" content=\"2 minutes\" \/>\n<script type=\"application\/ld+json\" class=\"yoast-schema-graph\">{\"@context\":\"https:\/\/schema.org\",\"@graph\":[{\"@type\":\"Article\",\"@id\":\"https:\/\/taylorwimpeyspain.com\/blog\/juan-diego-menendez-named-new-director-general-of-taylor-wimpey-espana\/#article\",\"isPartOf\":{\"@id\":\"https:\/\/taylorwimpeyspain.com\/blog\/juan-diego-menendez-named-new-director-general-of-taylor-wimpey-espana\/\"},\"author\":{\"name\":\"taylorwimpeyespana\",\"@id\":\"https:\/\/taylorwimpeyspain.com\/blog\/#\/schema\/person\/d4a2f737d47bc77a017e797f933e4a0b\"},\"headline\":\"Juan Diego Men\u00e9ndez named new Director General of Taylor Wimpey Espa\u00f1a\",\"datePublished\":\"2024-09-20T13:02:17+00:00\",\"dateModified\":\"2024-09-20T13:02:19+00:00\",\"mainEntityOfPage\":{\"@id\":\"https:\/\/taylorwimpeyspain.com\/blog\/juan-diego-menendez-named-new-director-general-of-taylor-wimpey-espana\/\"},\"wordCount\":371,\"publisher\":{\"@id\":\"https:\/\/taylorwimpeyspain.com\/blog\/#organization\"},\"image\":{\"@id\":\"https:\/\/taylorwimpeyspain.com\/blog\/juan-diego-menendez-named-new-director-general-of-taylor-wimpey-espana\/#primaryimage\"},\"thumbnailUrl\":\"https:\/\/taylorwimpeyspain.com\/blog\/wp-content\/uploads\/2024\/09\/1-1.jpg\",\"keywords\":[\"Alicante\",\"Buying in Spain\",\"buying property in Spain\",\"Costa del Sol\",\"Mallorca\",\"Retiring to Spain\",\"Spain property\",\"Taylor Wimpey Espana\"],\"articleSection\":[\"Costa Blanca\",\"Costa del Sol\",\"Mallorca\",\"Spain\",\"Taylor Wimpey de Espa\u00f1a\"],\"inLanguage\":\"en-US\"},{\"@type\":\"WebPage\",\"@id\":\"https:\/\/taylorwimpeyspain.com\/blog\/juan-diego-menendez-named-new-director-general-of-taylor-wimpey-espana\/\",\"url\":\"https:\/\/taylorwimpeyspain.com\/blog\/juan-diego-menendez-named-new-director-general-of-taylor-wimpey-espana\/\",\"name\":\"Juan Diego Men\u00e9ndez named new DG of Taylor Wimpey Espa\u00f1a\",\"isPartOf\":{\"@id\":\"https:\/\/taylorwimpeyspain.com\/blog\/#website\"},\"primaryImageOfPage\":{\"@id\":\"https:\/\/taylorwimpeyspain.com\/blog\/juan-diego-menendez-named-new-director-general-of-taylor-wimpey-espana\/#primaryimage\"},\"image\":{\"@id\":\"https:\/\/taylorwimpeyspain.com\/blog\/juan-diego-menendez-named-new-director-general-of-taylor-wimpey-espana\/#primaryimage\"},\"thumbnailUrl\":\"https:\/\/taylorwimpeyspain.com\/blog\/wp-content\/uploads\/2024\/09\/1-1.jpg\",\"datePublished\":\"2024-09-20T13:02:17+00:00\",\"dateModified\":\"2024-09-20T13:02:19+00:00\",\"description\":\"Taylor Wimpey Espa\u00f1a has announced the appointment, with effect from 1st July 2024, of Juan Diego Men\u00e9ndez as its new Director General.\",\"breadcrumb\":{\"@id\":\"https:\/\/taylorwimpeyspain.com\/blog\/juan-diego-menendez-named-new-director-general-of-taylor-wimpey-espana\/#breadcrumb\"},\"inLanguage\":\"en-US\",\"potentialAction\":[{\"@type\":\"ReadAction\",\"target\":[\"https:\/\/taylorwimpeyspain.com\/blog\/juan-diego-menendez-named-new-director-general-of-taylor-wimpey-espana\/\"]}]},{\"@type\":\"ImageObject\",\"inLanguage\":\"en-US\",\"@id\":\"https:\/\/taylorwimpeyspain.com\/blog\/juan-diego-menendez-named-new-director-general-of-taylor-wimpey-espana\/#primaryimage\",\"url\":\"https:\/\/taylorwimpeyspain.com\/blog\/wp-content\/uploads\/2024\/09\/1-1.jpg\",\"contentUrl\":\"https:\/\/taylorwimpeyspain.com\/blog\/wp-content\/uploads\/2024\/09\/1-1.jpg\",\"width\":668,\"height\":521,\"caption\":\"Juan Diego Men\u00e9ndez has sustainability at the heart of his new growth strategy\"},{\"@type\":\"BreadcrumbList\",\"@id\":\"https:\/\/taylorwimpeyspain.com\/blog\/juan-diego-menendez-named-new-director-general-of-taylor-wimpey-espana\/#breadcrumb\",\"itemListElement\":[{\"@type\":\"ListItem\",\"position\":1,\"name\":\"Home\",\"item\":\"https:\/\/taylorwimpeyspain.com\/blog\/\"},{\"@type\":\"ListItem\",\"position\":2,\"name\":\"Juan Diego Men\u00e9ndez named new Director General of Taylor Wimpey Espa\u00f1a\"}]},{\"@type\":\"WebSite\",\"@id\":\"https:\/\/taylorwimpeyspain.com\/blog\/#website\",\"url\":\"https:\/\/taylorwimpeyspain.com\/blog\/\",\"name\":\"Taylor Wimpey de Espa\u00f1a\",\"description\":\"Building new homes on Mallorca, the Costa Blanca and the Costa del Sol since 1958.\",\"publisher\":{\"@id\":\"https:\/\/taylorwimpeyspain.com\/blog\/#organization\"},\"potentialAction\":[{\"@type\":\"SearchAction\",\"target\":{\"@type\":\"EntryPoint\",\"urlTemplate\":\"https:\/\/taylorwimpeyspain.com\/blog\/?s={search_term_string}\"},\"query-input\":{\"@type\":\"PropertyValueSpecification\",\"valueRequired\":true,\"valueName\":\"search_term_string\"}}],\"inLanguage\":\"en-US\"},{\"@type\":\"Organization\",\"@id\":\"https:\/\/taylorwimpeyspain.com\/blog\/#organization\",\"name\":\"Taylor Wimpey de Espa\u00f1a\",\"url\":\"https:\/\/taylorwimpeyspain.com\/blog\/\",\"logo\":{\"@type\":\"ImageObject\",\"inLanguage\":\"en-US\",\"@id\":\"https:\/\/taylorwimpeyspain.com\/blog\/#\/schema\/logo\/image\/\",\"url\":\"https:\/\/taylorwimpeyspain.com\/blog\/wp-content\/uploads\/2018\/06\/logo-taylor-wimpey-espa\u00f1a.png\",\"contentUrl\":\"https:\/\/taylorwimpeyspain.com\/blog\/wp-content\/uploads\/2018\/06\/logo-taylor-wimpey-espa\u00f1a.png\",\"width\":139,\"height\":92,\"caption\":\"Taylor Wimpey de Espa\u00f1a\"},\"image\":{\"@id\":\"https:\/\/taylorwimpeyspain.com\/blog\/#\/schema\/logo\/image\/\"}},{\"@type\":\"Person\",\"@id\":\"https:\/\/taylorwimpeyspain.com\/blog\/#\/schema\/person\/d4a2f737d47bc77a017e797f933e4a0b\",\"name\":\"taylorwimpeyespana\",\"image\":{\"@type\":\"ImageObject\",\"inLanguage\":\"en-US\",\"@id\":\"https:\/\/secure.gravatar.com\/avatar\/63b02a35ebd48558152bb85bee2d34154987285b82e0b6a9897a3cd823dd15e7?s=96&d=mm&r=g\",\"url\":\"https:\/\/secure.gravatar.com\/avatar\/63b02a35ebd48558152bb85bee2d34154987285b82e0b6a9897a3cd823dd15e7?s=96&d=mm&r=g\",\"contentUrl\":\"https:\/\/secure.gravatar.com\/avatar\/63b02a35ebd48558152bb85bee2d34154987285b82e0b6a9897a3cd823dd15e7?s=96&d=mm&r=g\",\"caption\":\"taylorwimpeyespana\"},\"url\":\"https:\/\/taylorwimpeyspain.com\/blog\/author\/taylorwimpeyespana\/\"}]}<\/script>\n<!-- \/ Yoast SEO plugin. -->","yoast_head_json":{"title":"Juan Diego Men\u00e9ndez named new DG of Taylor Wimpey Espa\u00f1a","description":"Taylor Wimpey Espa\u00f1a has announced the appointment, with effect from 1st July 2024, of Juan Diego Men\u00e9ndez as its new Director General.","robots":{"index":"index","follow":"follow","max-snippet":"max-snippet:-1","max-image-preview":"max-image-preview:large","max-video-preview":"max-video-preview:-1"},"canonical":"https:\/\/taylorwimpeyspain.com\/blog\/juan-diego-menendez-named-new-director-general-of-taylor-wimpey-espana\/","twitter_misc":{"Written by":"taylorwimpeyespana","Est. reading time":"2 minutes"},"schema":{"@context":"https:\/\/schema.org","@graph":[{"@type":"Article","@id":"https:\/\/taylorwimpeyspain.com\/blog\/juan-diego-menendez-named-new-director-general-of-taylor-wimpey-espana\/#article","isPartOf":{"@id":"https:\/\/taylorwimpeyspain.com\/blog\/juan-diego-menendez-named-new-director-general-of-taylor-wimpey-espana\/"},"author":{"name":"taylorwimpeyespana","@id":"https:\/\/taylorwimpeyspain.com\/blog\/#\/schema\/person\/d4a2f737d47bc77a017e797f933e4a0b"},"headline":"Juan Diego Men\u00e9ndez named new Director General of Taylor Wimpey Espa\u00f1a","datePublished":"2024-09-20T13:02:17+00:00","dateModified":"2024-09-20T13:02:19+00:00","mainEntityOfPage":{"@id":"https:\/\/taylorwimpeyspain.com\/blog\/juan-diego-menendez-named-new-director-general-of-taylor-wimpey-espana\/"},"wordCount":371,"publisher":{"@id":"https:\/\/taylorwimpeyspain.com\/blog\/#organization"},"image":{"@id":"https:\/\/taylorwimpeyspain.com\/blog\/juan-diego-menendez-named-new-director-general-of-taylor-wimpey-espana\/#primaryimage"},"thumbnailUrl":"https:\/\/taylorwimpeyspain.com\/blog\/wp-content\/uploads\/2024\/09\/1-1.jpg","keywords":["Alicante","Buying in Spain","buying property in Spain","Costa del Sol","Mallorca","Retiring to Spain","Spain property","Taylor Wimpey Espana"],"articleSection":["Costa Blanca","Costa del Sol","Mallorca","Spain","Taylor Wimpey de Espa\u00f1a"],"inLanguage":"en-US"},{"@type":"WebPage","@id":"https:\/\/taylorwimpeyspain.com\/blog\/juan-diego-menendez-named-new-director-general-of-taylor-wimpey-espana\/","url":"https:\/\/taylorwimpeyspain.com\/blog\/juan-diego-menendez-named-new-director-general-of-taylor-wimpey-espana\/","name":"Juan Diego Men\u00e9ndez named new DG of Taylor Wimpey Espa\u00f1a","isPartOf":{"@id":"https:\/\/taylorwimpeyspain.com\/blog\/#website"},"primaryImageOfPage":{"@id":"https:\/\/taylorwimpeyspain.com\/blog\/juan-diego-menendez-named-new-director-general-of-taylor-wimpey-espana\/#primaryimage"},"image":{"@id":"https:\/\/taylorwimpeyspain.com\/blog\/juan-diego-menendez-named-new-director-general-of-taylor-wimpey-espana\/#primaryimage"},"thumbnailUrl":"https:\/\/taylorwimpeyspain.com\/blog\/wp-content\/uploads\/2024\/09\/1-1.jpg","datePublished":"2024-09-20T13:02:17+00:00","dateModified":"2024-09-20T13:02:19+00:00","description":"Taylor Wimpey Espa\u00f1a has announced the appointment, with effect from 1st July 2024, of Juan Diego Men\u00e9ndez as its new Director General.","breadcrumb":{"@id":"https:\/\/taylorwimpeyspain.com\/blog\/juan-diego-menendez-named-new-director-general-of-taylor-wimpey-espana\/#breadcrumb"},"inLanguage":"en-US","potentialAction":[{"@type":"ReadAction","target":["https:\/\/taylorwimpeyspain.com\/blog\/juan-diego-menendez-named-new-director-general-of-taylor-wimpey-espana\/"]}]},{"@type":"ImageObject","inLanguage":"en-US","@id":"https:\/\/taylorwimpeyspain.com\/blog\/juan-diego-menendez-named-new-director-general-of-taylor-wimpey-espana\/#primaryimage","url":"https:\/\/taylorwimpeyspain.com\/blog\/wp-content\/uploads\/2024\/09\/1-1.jpg","contentUrl":"https:\/\/taylorwimpeyspain.com\/blog\/wp-content\/uploads\/2024\/09\/1-1.jpg","width":668,"height":521,"caption":"Juan Diego Men\u00e9ndez has sustainability at the heart of his new growth strategy"},{"@type":"BreadcrumbList","@id":"https:\/\/taylorwimpeyspain.com\/blog\/juan-diego-menendez-named-new-director-general-of-taylor-wimpey-espana\/#breadcrumb","itemListElement":[{"@type":"ListItem","position":1,"name":"Home","item":"https:\/\/taylorwimpeyspain.com\/blog\/"},{"@type":"ListItem","position":2,"name":"Juan Diego Men\u00e9ndez named new Director General of Taylor Wimpey Espa\u00f1a"}]},{"@type":"WebSite","@id":"https:\/\/taylorwimpeyspain.com\/blog\/#website","url":"https:\/\/taylorwimpeyspain.com\/blog\/","name":"Taylor Wimpey de Espa\u00f1a","description":"Building new homes on Mallorca, the Costa Blanca and the Costa del Sol since 1958.","publisher":{"@id":"https:\/\/taylorwimpeyspain.com\/blog\/#organization"},"potentialAction":[{"@type":"SearchAction","target":{"@type":"EntryPoint","urlTemplate":"https:\/\/taylorwimpeyspain.com\/blog\/?s={search_term_string}"},"query-input":{"@type":"PropertyValueSpecification","valueRequired":true,"valueName":"search_term_string"}}],"inLanguage":"en-US"},{"@type":"Organization","@id":"https:\/\/taylorwimpeyspain.com\/blog\/#organization","name":"Taylor Wimpey de Espa\u00f1a","url":"https:\/\/taylorwimpeyspain.com\/blog\/","logo":{"@type":"ImageObject","inLanguage":"en-US","@id":"https:\/\/taylorwimpeyspain.com\/blog\/#\/schema\/logo\/image\/","url":"https:\/\/taylorwimpeyspain.com\/blog\/wp-content\/uploads\/2018\/06\/logo-taylor-wimpey-espa\u00f1a.png","contentUrl":"https:\/\/taylorwimpeyspain.com\/blog\/wp-content\/uploads\/2018\/06\/logo-taylor-wimpey-espa\u00f1a.png","width":139,"height":92,"caption":"Taylor Wimpey de Espa\u00f1a"},"image":{"@id":"https:\/\/taylorwimpeyspain.com\/blog\/#\/schema\/logo\/image\/"}},{"@type":"Person","@id":"https:\/\/taylorwimpeyspain.com\/blog\/#\/schema\/person\/d4a2f737d47bc77a017e797f933e4a0b","name":"taylorwimpeyespana","image":{"@type":"ImageObject","inLanguage":"en-US","@id":"https:\/\/secure.gravatar.com\/avatar\/63b02a35ebd48558152bb85bee2d34154987285b82e0b6a9897a3cd823dd15e7?s=96&d=mm&r=g","url":"https:\/\/secure.gravatar.com\/avatar\/63b02a35ebd48558152bb85bee2d34154987285b82e0b6a9897a3cd823dd15e7?s=96&d=mm&r=g","contentUrl":"https:\/\/secure.gravatar.com\/avatar\/63b02a35ebd48558152bb85bee2d34154987285b82e0b6a9897a3cd823dd15e7?s=96&d=mm&r=g","caption":"taylorwimpeyespana"},"url":"https:\/\/taylorwimpeyspain.com\/blog\/author\/taylorwimpeyespana\/"}]}},"jetpack_publicize_connections":[],"jetpack_featured_media_url":"https:\/\/taylorwimpeyspain.com\/blog\/wp-content\/uploads\/2024\/09\/1-1.jpg","jetpack_sharing_enabled":true,"jetpack_shortlink":"https:\/\/wp.me\/p2hOmn-2L9","_links":{"self":[{"href":"https:\/\/taylorwimpeyspain.com\/blog\/wp-json\/wp\/v2\/posts\/10611","targetHints":{"allow":["GET"]}}],"collection":[{"href":"https:\/\/taylorwimpeyspain.com\/blog\/wp-json\/wp\/v2\/posts"}],"about":[{"href":"https:\/\/taylorwimpeyspain.com\/blog\/wp-json\/wp\/v2\/types\/post"}],"author":[{"embeddable":true,"href":"https:\/\/taylorwimpeyspain.com\/blog\/wp-json\/wp\/v2\/users\/2"}],"replies":[{"embeddable":true,"href":"https:\/\/taylorwimpeyspain.com\/blog\/wp-json\/wp\/v2\/comments?post=10611"}],"version-history":[{"count":1,"href":"https:\/\/taylorwimpeyspain.com\/blog\/wp-json\/wp\/v2\/posts\/10611\/revisions"}],"predecessor-version":[{"id":10613,"href":"https:\/\/taylorwimpeyspain.com\/blog\/wp-json\/wp\/v2\/posts\/10611\/revisions\/10613"}],"wp:featuredmedia":[{"embeddable":true,"href":"https:\/\/taylorwimpeyspain.com\/blog\/wp-json\/wp\/v2\/media\/10612"}],"wp:attachment":[{"href":"https:\/\/taylorwimpeyspain.com\/blog\/wp-json\/wp\/v2\/media?parent=10611"}],"wp:term":[{"taxonomy":"category","embeddable":true,"href":"https:\/\/taylorwimpeyspain.com\/blog\/wp-json\/wp\/v2\/categories?post=10611"},{"taxonomy":"post_tag","embeddable":true,"href":"https:\/\/taylorwimpeyspain.com\/blog\/wp-json\/wp\/v2\/tags?post=10611"}],"curies":[{"name":"wp","href":"https:\/\/api.w.org\/{rel}","templated":true}]}}